{"id":1762,"date":"2026-08-29T11:28:00","date_gmt":"2026-08-29T09:28:00","guid":{"rendered":"https:\/\/www.site.cdcl.xyz\/2026\/08\/29\/garde-a-vue-dans-quel-pays-vit-on-place-en-garde-a-vue-apres-une-altercation-avec-des-policiers-sebastien-delogu-sort-du-silence\/"},"modified":"2026-08-29T11:28:00","modified_gmt":"2026-08-29T09:28:00","slug":"garde-a-vue-dans-quel-pays-vit-on-place-en-garde-a-vue-apres-une-altercation-avec-des-policiers-sebastien-delogu-sort-du-silence","status":"publish","type":"post","link":"https:\/\/www.centresaintebarbe.fr\/blog\/garde-a-vue-dans-quel-pays-vit-on-place-en-garde-a-vue-apres-une-altercation-avec-des-policiers-sebastien-delogu-sort-du-silence\/","title":{"rendered":"Garde \u00e0 vue; \u00ab\u00a0Dans quel pays vit-on\u00a0?\u00a0\u00bb\u00a0: plac\u00e9 en garde \u00e0 vue apr\u00e8s une altercation avec des policiers, S\u00e9bastien Delogu sort du silence"},"content":{"rendered":"<p>\nUn article a \u00e9t\u00e9 r\u00e9cemment publi\u00e9 sous le nom de \u00ab&nbsp;&nbsp;\u00bbDans quel pays vit-on&nbsp;?&nbsp;\u00bb&nbsp;: plac\u00e9 en garde \u00e0 vue apr\u00e8s une altercation avec des policiers, S\u00e9bastien Delogu sort du silence&nbsp;\u00bb. <\/p>\n<p> Le d\u00e9put\u00e9 LFI S\u00e9bastien Delogu s\u2019est d\u00e9fendu vendredi 28&nbsp;ao\u00fbt apr\u00e8s garde \u00e0 vue de huit heures \u00e0 Marseille, suite \u00e0 un accrochage avec des policiers dans son immeuble le 24&nbsp;ao\u00fbt. Vis\u00e9 par une plainte pour outrage, l\u2019\u00e9lu des Bouches-du-Rh\u00f4ne sera jug\u00e9 le 13&nbsp;novembre au tribunal. <\/p>\n<div> <!-- Pub DFP Position [outstream] --><\/p>\n<p>Mis en cause dans une affaire impliquant des policiers en d\u00e9but de semaine et plac\u00e9 en garde \u00e0 vue jeudi 27&nbsp;ao\u00fbt, le d\u00e9put\u00e9 de la 7e circonscription des Bouches-du-Rh\u00f4ne S\u00e9bastien Delogu a publi\u00e9, vendredi 28&nbsp;ao\u00fbt, un communiqu\u00e9 sur les r\u00e9seaux sociaux pour livrer sa version des faits et revenir sur sa garde \u00e0 vue.<\/p>\n<p>Pour rappel, il s\u2019est accroch\u00e9 avec des policiers, lundi 24&nbsp;ao\u00fbt, dans le hall de son immeuble marseillais, avant de d\u00e9poser plainte pour&nbsp;<em>\u00ab&nbsp;violences volontaires et faits commis par des personnes se pr\u00e9sentant comme fonctionnaires de police&nbsp;\u00bb. <\/em>De leur c\u00f4t\u00e9, les policiers ont \u00e9galement d\u00e9pos\u00e9 plainte contre le d\u00e9put\u00e9 pour outrage.<\/p>\n<div class=\"extemb-container\">\n<blockquote data-class=\"twitter-tweet\">\n<p lang=\"fr\" dir=\"ltr\">\\ud83d\\udd34 Hier j\u2019ai \u00e9t\u00e9 plac\u00e9 pendant huit heures en garde-\u00e0-vue. <\/p>\n<p>J\u2019ai d\u00fb subir \u00e9galement une campagne m\u00e9diatique de d\u00e9nigrement, aliment\u00e9e par des fuites polici\u00e8res mensong\u00e8res tout au long de la proc\u00e9dure.<\/p>\n<p>Je vais donc vous raconter ce qui s\u2019est r\u00e9ellement pass\u00e9 qui ne ressemble en\u2026 <a rel=\"nofollow\" target=\"_blank\" href=\"https:\/\/t.co\/kKhcHHXb1Z\">pic.twitter.com\/kKhcHHXb1Z<\/a><\/p>\n<p>\u2014 S\u00e9bastien DELOGU (@sebastiendelogu) August 28, 2026<\/p>\n<\/blockquote>\n<\/div>\n<p>\u00ab&nbsp;<em>J\u2019ai \u00e9t\u00e9 plac\u00e9 pendant huit heures en garde \u00e0 vue. J\u2019ai d\u00fb subir \u00e9galement une campagne m\u00e9diatique de d\u00e9nigrement, aliment\u00e9e par des fuites polici\u00e8res mensong\u00e8res tout au long de la proc\u00e9dure<\/em>\u00ab&nbsp;, explique l\u2019\u00e9lu de La France insoumise.<\/p>\n<h2 class=\"txt-int\">\u00ab&nbsp;Cette demande n\u2019avait rien d\u2019anormal&nbsp;\u00bb<\/h2>\n<p>Dans cette affaire, les policiers reprochent \u00e0 S\u00e9bastien Delogu d\u2019avoir voulu entraver une op\u00e9ration de police, tandis que ce dernier d\u00e9nonce des insultes de la part des forces de l\u2019ordre, qui auraient refus\u00e9 de justifier leur qualit\u00e9 de policier \u00e0 la demande du d\u00e9put\u00e9. \u00ab&nbsp;<em>Cette demande n\u2019avait pourtant rien d\u2019anormal puisque ce monsieur n\u2019\u00e9tait pas en uniforme et ne portait aucun signe distinctif apparent. La loi impose en effet une obligation d\u2019identification aux agents de police. Elle \u00e9tait d\u2019autant plus l\u00e9gitime que je re\u00e7ois depuis des mois des messages de menaces d\u2019individus qui envisagent de porter atteinte \u00e0 ma personne et \u00e0 mon entourage<\/em>\u00ab&nbsp;, affirme ainsi S\u00e9bastien Delogu dans son communiqu\u00e9.<\/p>\n<p class=\"std-elt__inline\"> <strong>\u00c0 lire aussi :<\/strong><br \/>VID\u00c9O Plainte pour outrage contre S\u00e9bastien Delogu&nbsp;: que r\u00e9v\u00e8lent les images de l\u2019altercation&nbsp;entre le d\u00e9put\u00e9 et les policiers&nbsp;? <\/p>\n<p>S\u2019ensuit une altercation avec l\u2019un des&nbsp;policiers&nbsp;: \u00ab&nbsp;<em>Il m\u2019a dit que j\u2019\u00e9tais&nbsp;<\/em>\u00ab&nbsp;une merde<em>\u00ab&nbsp;, que je&nbsp;<\/em>\u00ab&nbsp;puais de la gueule&nbsp;\u00bb&nbsp;<em>et qu\u2019il \u00e9tait&nbsp;<\/em>\u00ab&nbsp;normal que tout le monde me d\u00e9teste&nbsp;\u00bb&nbsp;\u00bb, indique le d\u00e9put\u00e9 dans son message. <em>\u00ab&nbsp;J\u2019ai \u00e9videmment port\u00e9 plainte et saisi l\u2019Inspection g\u00e9n\u00e9rale de la Police nationale (IGPN) pour ces violences et propos injurieux&nbsp;\u00bb<\/em>, ajoute-t-il.<\/p>\n<h2 class=\"txt-int\">Convocation le 13&nbsp;novembre prochain<\/h2>\n<p>Concernant sa garde \u00e0 vue, le d\u00e9put\u00e9 indique s\u2019\u00eatre \u00ab&nbsp;<em>pr\u00e9sent\u00e9 librement pour \u00eatre entendu&nbsp;\u00bb,<\/em> accompagn\u00e9 de son avocat. \u00ab&nbsp;<em>La convocation ne comportait aucune mention indiquant que mon audition devait intervenir dans le cadre d\u2019une mesure de garde \u00e0 vue<\/em>\u00ab&nbsp;, pr\u00e9cise le d\u00e9put\u00e9.<\/p>\n<p>\u00ab&nbsp;<em>Dans quel pays des accusations d\u2019outrage aucunement \u00e9tay\u00e9es (et que je r\u00e9fute) conduisent-elles un repr\u00e9sentant du peuple \u00e0 passer 8&nbsp;heures en garde \u00e0 vue alors qu\u2019il s\u2019est pr\u00e9sent\u00e9 volontairement devant les policiers<\/em>\u00ab&nbsp;, s\u2019interroge-t-il.<\/p>\n<p>Pour se prot\u00e9ger, le d\u00e9put\u00e9 insoumis a indiqu\u00e9 sur Instagram qu\u2019il ne sortirait d\u00e9sormais plus <em>\u00ab&nbsp;sans ses lunettes connect\u00e9es&nbsp;\u00bb<\/em>, afin de filmer en permanence ses d\u00e9placements. Le 13&nbsp;novembre prochain, il est convoqu\u00e9 devant le tribunal correctionnel dans le cadre de cette affaire.<\/p>\n<\/div>\n<h2>Saisir le concept de la Garde \u00e0 Vue<\/h2>\n<h3>D\u00e9finition et Contexte Juridique<\/h3>\n<p>Avant le placement en garde \u00e0 vue, la personne est inform\u00e9e de ses droits, notamment le droit de rester silencieuse et le droit d\u2019avoir un avocat. Il est important de comprendre que la garde \u00e0 vue ne doit pas \u00eatre vue comme une indication de culpabilit\u00e9 ; c\u2019est simplement une phase dans le processus d\u2019enqu\u00eate. Ces droits sont d\u00e9terminants, car ils assurent que la personne ne soit pas victime de pressions non d\u00e9sir\u00e9es et qu\u2019elle puisse se d\u00e9fendre de mani\u00e8re efficace. L\u2019accompagnement d\u2019un avocat est crucial, car il peut conseiller l\u2019individu sur la meilleure mani\u00e8re de r\u00e9pondre aux questions des enqu\u00eateurs et sur les cons\u00e9quences de ses d\u00e9clarations. Un service est \u00e0 disposition pour aider ceux qui sont \u00e0 risque de garde \u00e0 vue. L\u2019objectif est de se pr\u00e9parer mentalement, de formuler ses arguments et d\u2019\u00e9viter les pi\u00e8ges. <a href=\"https:\/\/www.courtier-avocat-strategie-tribunal-judiciaire.fr\/garde-a-vue\/\" rel=\"noopener noreferrer nofollow\" target=\"blank\" target=\"_blank\">Ce service vous offre la possibilit\u00e9 de vous pr\u00e9parer et de vivre votre garde \u00e0 vue de mani\u00e8re positive.<\/a><\/p>\n<h3>Enjeux de la Garde \u00e0 Vue<\/h3>\n<p>Parmi les objectifs cl\u00e9s de la garde \u00e0 vue figurent la collecte de preuves, la protection des t\u00e9moins, et la pr\u00e9vention de la fuite de l\u2019individu suspect\u00e9. En maintenant une personne sous garde, les enqu\u00eateurs peuvent poser des questions et obtenir des donn\u00e9es qui pourraient \u00eatre cruciales pour l\u2019enqu\u00eate. Cela permet aussi d\u2019emp\u00eacher que la personne ne change des preuves ou n\u2019influence d\u2019autres t\u00e9moins.<\/p>\n<h3>Responsabilit\u00e9s des Intervenants<\/h3>\n<p>Les intervenants cl\u00e9s lors de la garde \u00e0 vue sont les officiers de police judiciaire (OPJ) et les avocats. Les OPJ ont pour r\u00f4le de mener l\u2019enqu\u00eate et de proc\u00e9der aux interrogatoires, tandis que les avocats garantissent le respect des droits de leurs clients. L\u2019interaction entre ces deux parties est primordiale pour garantir l\u2019\u00e9quit\u00e9 du processus.<\/p>\n<h2>Droits des Individus en Garde \u00e0 Vue<\/h2>\n<h3>Droit \u00e0 l\u2019Assistance d\u2019un Repr\u00e9sentant L\u00e9gal<\/h3>\n<p>Il est vital de mentionner que la pr\u00e9sence d\u2019un avocat est un aspect cl\u00e9 pour assurer une d\u00e9fense efficace, surtout lors d\u2019une enqu\u00eate p\u00e9nale. L\u2019avocat peut \u00e9galement fournir des conseils \u00e0 l\u2019individu concernant ses droits, en particulier le droit de ne pas s\u2019exprimer et les implications de ses d\u00e9clarations. Le droit \u00e0 l\u2019accompagnement d\u2019un avocat constitue un des droits fondamentaux des personnes en garde \u00e0 vue. Ce droit offre \u00e0 l\u2019individu la possibilit\u00e9 de b\u00e9n\u00e9ficier de conseils juridiques et d\u2019une d\u00e9fense l\u00e9gale durant toute la proc\u00e9dure. L\u2019avocat peut se manifester d\u00e8s le d\u00e9but de la garde \u00e0 vue, ce qui est vital pour s\u2019assurer que les droits de l\u2019individu soient respect\u00e9s. Lorsque ce droit n\u2019est pas respect\u00e9, la l\u00e9gitimit\u00e9 de la garde \u00e0 vue peut \u00eatre remise en question, ce qui pourrait avoir des cons\u00e9quences sur la suite de la proc\u00e9dure judiciaire.<\/p>\n<h3>Droit \u00e0 l\u2019information pertinente<\/h3>\n<p>L\u2019acc\u00e8s \u00e0 l\u2019information repr\u00e9sente un aspect crucial des droits des personnes plac\u00e9es en garde \u00e0 vue. Quand une personne est sous garde \u00e0 vue, elle doit \u00eatre inform\u00e9e des motifs de cette d\u00e9cision et de ses droits. Cette information doit \u00eatre pr\u00e9sent\u00e9e de fa\u00e7on claire et compr\u00e9hensible, permettant \u00e0 l\u2019individu de faire des choix \u00e9clair\u00e9s concernant sa d\u00e9fense. Les agents de police doivent informer les individus des raisons de leur garde \u00e0 vue et des droits qui y sont li\u00e9s, y compris le droit \u00e0 un avocat et le droit de ne pas s\u2019auto-incriminer. Ce droit \u00e0 l\u2019information est essentiel pour assurer la transparence de la proc\u00e9dure et pour sauvegarder les libert\u00e9s individuelles. Le non-respect de cette obligation pourrait avoir des r\u00e9percussions sur la l\u00e9galit\u00e9 de la garde \u00e0 vue et sur les d\u00e9cisions judiciaires ult\u00e9rieures.<\/p>\n<h2>Les r\u00e8gles de la garde \u00e0 vue<\/h2>\n<h3>Extension de la garde \u00e0 vue<\/h3>\n<p>L\u2019extension de la garde \u00e0 vue est une mesure qui peut \u00eatre mise en \u0153uvre dans des situations sp\u00e9cifiques. Si les \u00e9l\u00e9ments de l\u2019enqu\u00eate requi\u00e8rent un d\u00e9lai suppl\u00e9mentaire pour \u00eatre analys\u00e9s, la police peut solliciter une prolongation, qui doit \u00eatre valid\u00e9e par un procureur. Cette extension ne peut d\u00e9passer 48 heures au total, sauf dans des cas exceptionnels pr\u00e9cis\u00e9s par le code de proc\u00e9dure p\u00e9nale. Durant cette p\u00e9riode, l\u2019individu en garde \u00e0 vue conserve ses droits, y compris le droit \u00e0 l\u2019assistance d\u2019un avocat et le droit d\u2019\u00eatre inform\u00e9 des motifs de sa d\u00e9tention. Il est n\u00e9cessaire que cette extension soit fond\u00e9e sur des \u00e9l\u00e9ments concrets, pour pr\u00e9server les principes de la libert\u00e9 individuelle et garantir un traitement \u00e9quitable dans le cadre de la proc\u00e9dure judiciaire.<\/p>\n<h3>Conditions requises pour la garde \u00e0 vue<\/h3>\n<p>Pour qu\u2019un individu soit plac\u00e9 en garde \u00e0 vue, plusieurs conditions doivent \u00eatre satisfaites. Les forces de l\u2019ordre doivent avoir des justifications solides pour croire que la personne a enfreint la loi. Ces raisons doivent \u00eatre fond\u00e9es sur des \u00e9l\u00e9ments v\u00e9rifiables, comme des t\u00e9moignages ou des preuves physiques. La d\u00e9cision de placer une personne en garde \u00e0 vue ne peut \u00eatre justifi\u00e9e que si elle est n\u00e9cessaire pour l\u2019enqu\u00eate, comme pour \u00e9viter une fuite ou la destruction de preuves. En outre, la loi impose une limite \u00e0 la dur\u00e9e de la garde \u00e0 vue, et toute extension doit \u00eatre justifi\u00e9e et approuv\u00e9e par un procureur. Ces normes visent \u00e0 assurer la protection des droits des personnes et \u00e0 pr\u00e9venir les abus de pouvoir dans le cadre de la proc\u00e9dure p\u00e9nale. Qu\u2019il s\u2019agisse d\u2019un crime, d\u2019un d\u00e9lit ou d\u2019une infraction, les d\u00e9lits et surtout les crimes justifient des gardes \u00e0 vue pour assurer l\u2019\u00e9quit\u00e9 des citoyens devant la loi au sein de la R\u00e9publique.<\/p>\n<h2>Pr\u00e9sentation de la Garde \u00e0 Vue<\/h2>\n<p>Cette mesure de garde \u00e0 vue permet aux forces de police de d\u00e9tenir un individu qu\u2019elles soup\u00e7onnent d\u2019avoir commis un acte ill\u00e9gal. Elle est d\u00e9finie par le Code de proc\u00e9dure p\u00e9nale et a pour objectif de faciliter l\u2019enqu\u00eate en permettant aux enqu\u00eateurs de recueillir des preuves. En g\u00e9n\u00e9ral, la garde \u00e0 vue est limit\u00e9e \u00e0 24 heures, mais peut \u00eatre prolong\u00e9e \u00e0 48 heures dans des cas de d\u00e9lits graves. Souvent, cette mesure engendre de l\u2019anxi\u00e9t\u00e9 chez les individus concern\u00e9s, qui peuvent se sentir d\u00e9sempar\u00e9s par la complexit\u00e9 des proc\u00e9dures l\u00e9gales.<\/p>\n<h2>Impacts et Suites Judiciaires<\/h2>\n<h3>N\u00e9cessit\u00e9 des Preuves<\/h3>\n<p>Tout le processus est supervis\u00e9 par le procureur de la R\u00e9publique ou un juge d\u2019instruction, en accord avec la loi et la Constitution. Les donn\u00e9es rassembl\u00e9es lors de la garde \u00e0 vue, qu\u2019elles soient des objets ou des t\u00e9moignages, jouent un r\u00f4le crucial dans le d\u00e9nouement de l\u2019affaire. Ces \u00e9l\u00e9ments doivent \u00eatre obtenus dans le respect des droits des individus et des r\u00e8gles l\u00e9gales pour garantir un traitement \u00e9quitable. Pour r\u00e9sumer, la garde \u00e0 vue est une phase cruciale qui peut avoir des effets importants sur la vie de l\u2019individu impliqu\u00e9, et il est primordial d\u2019en comprendre les enjeux et les cons\u00e9quences. La valeur des preuves dans le processus p\u00e9nal est primordiale et ne peut \u00eatre ignor\u00e9e.<\/p>\n<h3>\u00c9vasion et Appel<\/h3>\n<p>\u00c0 l\u2019inverse, si les \u00e9l\u00e9ments de preuve sont jug\u00e9s insuffisants, la personne peut \u00eatre remise en libert\u00e9 sans poursuites. Cette d\u00e9cision est essentielle, car elle garantit la protection des droits de l\u2019individu et pr\u00e9vient les d\u00e9tentions abusives. Que les faits rel\u00e8vent d\u2019infractions, de crimes ou de d\u00e9lits, le droit constitutionnel de notre R\u00e9publique inclut des dispositions visant \u00e0 prot\u00e9ger les citoyens. Il est \u00e9galement essentiel de souligner que l\u2019individu a la possibilit\u00e9 de contester la d\u00e9cision du juge s\u2019il consid\u00e8re que ses droits n\u2019ont pas \u00e9t\u00e9 respect\u00e9s ou si la proc\u00e9dure pr\u00e9sente des irr\u00e9gularit\u00e9s.<\/p>\n<h3>Apparition devant le Magistrat<\/h3>\n<p>Apr\u00e8s la garde \u00e0 vue, diff\u00e9rentes cons\u00e9quences peuvent en d\u00e9couler. La premi\u00e8re \u00e9tape implique de pr\u00e9senter la personne devant un magistrat, qui analysera les \u00e9l\u00e9ments de l\u2019enqu\u00eate et d\u00e9cidera des actions \u00e0 mener. Lorsque le juge estime que les \u00e9l\u00e9ments de preuve sont suffisants, il peut d\u00e9cider d\u2019initier des poursuites judiciaires. Dans ce cas, la personne sera mise au courant des accusations port\u00e9es contre elle et des droits qui lui sont offerts durant la proc\u00e9dure judiciaire. Le procureur de la R\u00e9publique, tout comme un juge d\u2019instruction, est un fonctionnaire de l\u2019\u00c9tat. Ils poss\u00e8dent le pouvoir constitutionnel de diriger la police pour appr\u00e9hender des suspects.<\/p>\n<h2>Apr\u00e8s la Garde \u00e0 Vue, les \u00e9tapes suivantes<\/h2>\n<h3>Cons\u00e9quences de la Garde \u00e0 Vue<\/h3>\n<p>Apr\u00e8s la garde \u00e0 vue, divers r\u00e9sultats peuvent se produire. L\u2019individu peut \u00eatre lib\u00e9r\u00e9 sans poursuites, faire l\u2019objet d\u2019une mise en examen, ou \u00eatre plac\u00e9 sous contr\u00f4le judiciaire. En cas de mise en examen, cela signifie que des accusations formelles sont port\u00e9es contre elle, et elle devra se pr\u00e9parer \u00e0 une \u00e9ventuelle proc\u00e9dure l\u00e9gale. Il est crucial de pr\u00e9ciser que toute d\u00e9cision de prolonger la garde \u00e0 vue ou de progresser vers une autre phase du processus judiciaire doit \u00eatre justifi\u00e9e par des \u00e9l\u00e9ments tangibles et approuv\u00e9e par un procureur.<\/p>\n<h3>Tactique L\u00e9gale<\/h3>\n<p>Il est important de se souvenir que chaque cas est distinct et que l\u2019aide d\u2019un avocat peut jouer un r\u00f4le crucial dans le r\u00e9sultat de la proc\u00e9dure. Les droits en garde \u00e0 vue, la dur\u00e9e maximale de cette proc\u00e9dure, et les \u00e9tapes suivantes sont des points cl\u00e9s \u00e0 conna\u00eetre pour \u00e9voluer dans le syst\u00e8me judiciaire en toute confiance. L\u2019approche judiciaire durant la garde \u00e0 vue est fondamentale. Les avocats sont fondamentaux en aidant leurs clients \u00e0 naviguer \u00e0 travers cette p\u00e9riode compliqu\u00e9e. Ils peuvent contribuer \u00e0 la r\u00e9daction de r\u00e9ponses appropri\u00e9es aux questions pos\u00e9es par les enqu\u00eateurs et s\u2019assurer que les droits de leur client sont prot\u00e9g\u00e9s. De plus, une strat\u00e9gie bien pens\u00e9e peut impliquer la pr\u00e9paration de la d\u00e9fense en amont, en collectant des preuves et des t\u00e9moignages qui pourraient \u00eatre b\u00e9n\u00e9fiques lors d\u2019une audience future. En somme, la garde \u00e0 vue est une proc\u00e9dure compliqu\u00e9e qui n\u00e9cessite une connaissance approfondie des droits et des obligations des personnes concern\u00e9es.<\/p>\n<h2>Les \u00c9tapes de la Garde \u00e0 Vue<\/h2>\n<h3>\u00c9tapes de l\u2019Enqu\u00eate et des \u00c9coutes<\/h3>\n<p>Le processus de garde \u00e0 vue est une proc\u00e9dure l\u00e9gale qui se d\u00e9roule en plusieurs \u00e9tapes. Apr\u00e8s le placement en garde \u00e0 vue, la personne est souvent questionn\u00e9e par un officier de police judiciaire (OPJ). Ce dernier doit veiller \u00e0 ce que les droits de la personne soient respect\u00e9s, en lui permettant de rencontrer son avocat avant de r\u00e9pondre aux interrogations. L\u2019audition constitue un instant essentiel o\u00f9 les propos de l\u2019individu sont not\u00e9s et peuvent avoir des r\u00e9percussions significatives sur le processus qui suit. Il est crucial que les affirmations soient exprim\u00e9es dans un cadre apais\u00e9 et en conformit\u00e9 avec les droits de l\u2019individu.<\/p>\n<p>Le processus d\u00e9bute avec l\u2019intervention des forces de police, qui peuvent d\u00e9cider de garder une personne \u00e0 vue si elles jugent qu\u2019il y a des raisons suffisantes de croire qu\u2019elle a commis un d\u00e9lit. Il est fondamental que cette d\u00e9cision soit justifi\u00e9e par des preuves solides et qu\u2019elle ne soit pas prise \u00e0 la l\u00e9g\u00e8re. Une fois la garde \u00e0 vue \u00e9tablie, la personne est inform\u00e9e de ses droits, y compris le droit \u00e0 un avocat et le droit de ne pas parler. <strong>Comparaison des aspects entre la garde \u00e0 vue et l\u2019audition libre :<\/strong><\/p>\n<table border=\"2\" cellpadding=\"6\" cellspacing=\"2\">\n<thead>\n<tr>\n<th>Attribut\n<\/th>\n<th>Garde \u00e0 Vue\n<\/th>\n<th>Audition Libre<\/p>\n<tbody>\n<tr>\n<td>Droit \u00e0 la pr\u00e9sence d\u2019un avocat\n<\/td>\n<td>Oui\n<\/td>\n<td>Oui<\/p>\n<tr>\n<td>Dur\u00e9e maximale admise\n<\/td>\n<td>24 heures\n<\/td>\n<td>N\/A<\/p>\n<tr>\n<td>Devoir de se pr\u00e9senter\n<\/td>\n<td>Oui\n<\/td>\n<td>Non<\/p>\n<tr>\n<td>Droit de ne pas s\u2019exprimer\n<\/td>\n<td>Oui\n<\/td>\n<td>Oui<\/p>\n<tr>\n<td>Interrogatoire sous contrainte physique\n<\/td>\n<td>Oui\n<\/td>\n<td>Non<\/p>\n<tr>\n<td>Permis de partir \u00e0 tout moment\n<\/td>\n<td>Non\n<\/td>\n<td>Oui<\/p>\n<tr>\n<td>Acc\u00e8s aux donn\u00e9es relatives aux charges\n<\/td>\n<td>Limit\u00e9\n<\/td>\n<td>Complet<\/p>\n<tr>\n<td>Droit de poser des questions sur les droits\n<\/td>\n<td>Oui\n<\/td>\n<td>Oui<\/p>\n<tr>\n<td>Interrogation permise sur des faits av\u00e9r\u00e9s\n<\/td>\n<td>Oui\n<\/td>\n<td>Non<\/p>\n<tr>\n<td>Notification pour t\u00e9moigner\n<\/td>\n<td>Non\n<\/td>\n<td>Oui<\/p>\n<tr>\n<td>Peut \u00eatre r\u00e9activ\u00e9e\n<\/td>\n<td>Oui\n<\/td>\n<td>N\/A<\/p>\n<tr>\n<td>Pas de limitation\n<\/td>\n<td>Non\n<\/td>\n<td>Oui<\/td>\n<\/tr>\n<\/td>\n<\/tr>\n<\/td>\n<\/tr>\n<\/td>\n<\/tr>\n<\/td>\n<\/tr>\n<\/td>\n<\/tr>\n<\/td>\n<\/tr>\n<\/td>\n<\/tr>\n<\/td>\n<\/tr>\n<\/td>\n<\/tr>\n<\/td>\n<\/tr>\n<\/td>\n<\/tr>\n<\/tbody>\n<\/th>\n<\/tr>\n<\/thead>\n<\/table>\n<h3>Opposition et Documentation<\/h3>\n<p>Une confrontation avec d\u2019autres t\u00e9moins ou suspects peut \u00eatre organis\u00e9e si n\u00e9cessaire. L\u2019objectif de cette phase est de recueillir des informations suppl\u00e9mentaires pouvant \u00e9clairer le d\u00e9roulement de l\u2019enqu\u00eate. Les d\u00e9clarations faites durant cette confrontation sont consign\u00e9es dans un proc\u00e8s-verbal, qui constituera une r\u00e9f\u00e9rence pour les \u00e9tapes \u00e0 venir de la proc\u00e9dure. La mise en place de la documentation et des rapports n\u00e9cessaires est vitale pour garantir la transparence et la l\u00e9galit\u00e9 de l\u2019ensemble du processus.<\/p>\n","protected":false},"excerpt":{"rendered":"<p>Un article a \u00e9t\u00e9 r\u00e9cemment publi\u00e9 sous le nom de \u00ab&nbsp;&nbsp;\u00bbDans quel pays vit-on&nbsp;?&nbsp;\u00bb&nbsp;: plac\u00e9 en garde \u00e0 vue apr\u00e8s une altercation avec des policiers, S\u00e9bastien Delogu sort du silence&nbsp;\u00bb. Le d\u00e9put\u00e9 LFI S\u00e9bastien Delogu s\u2019est d\u00e9fendu vendredi 28&nbsp;ao\u00fbt apr\u00e8s garde \u00e0 vue de huit heures \u00e0 Marseille, suite \u00e0 un accrochage avec des policiers&hellip; <a class=\"more-link\" href=\"https:\/\/www.centresaintebarbe.fr\/blog\/garde-a-vue-dans-quel-pays-vit-on-place-en-garde-a-vue-apres-une-altercation-avec-des-policiers-sebastien-delogu-sort-du-silence\/\">Poursuivre la lecture <span class=\"screen-reader-text\">Garde \u00e0 vue; \u00ab\u00a0Dans quel pays vit-on\u00a0?\u00a0\u00bb\u00a0: plac\u00e9 en garde \u00e0 vue apr\u00e8s une altercation avec des policiers, S\u00e9bastien Delogu sort du silence<\/span><\/a><\/p>\n","protected":false},"author":2,"featured_media":0,"comment_status":"open","ping_status":"closed","sticky":false,"template":"","format":"standard","meta":{"footnotes":""},"categories":[2],"tags":[],"class_list":["post-1762","post","type-post","status-publish","format-standard","hentry","category-histoire-du-droit-et-de-la-loi","entry"],"yoast_head":"<!-- This site is optimized with the Yoast SEO plugin v28.4 - https:\/\/yoast.com\/product\/yoast-seo-wordpress\/ -->\n<title>Garde \u00e0 vue; \u00ab\u00a0Dans quel pays vit-on\u00a0?\u00a0\u00bb\u00a0: plac\u00e9 en garde \u00e0 vue apr\u00e8s une altercation avec des policiers, S\u00e9bastien Delogu sort du silence - CENTRESAINTEBARBE<\/title>\n<meta name=\"description\" content=\"Garde \u00e0 vue; \u00ab\u00a0Dans quel pays vit-on\u00a0?\u00a0\u00bb\u00a0: plac\u00e9 en garde \u00e0 vue apr\u00e8s une altercation avec des policiers, S\u00e9bastien Delogu sort du silence article de CENTRESAINTEBARBE\" \/>\n<meta name=\"robots\" content=\"index, follow, max-snippet:-1, max-image-preview:large, max-video-preview:-1\" \/>\n<link rel=\"canonical\" href=\"https:\/\/www.centresaintebarbe.fr\/blog\/garde-a-vue-dans-quel-pays-vit-on-place-en-garde-a-vue-apres-une-altercation-avec-des-policiers-sebastien-delogu-sort-du-silence\/\" \/>\n<meta property=\"og:locale\" content=\"fr_FR\" \/>\n<meta property=\"og:type\" content=\"article\" \/>\n<meta property=\"og:title\" content=\"Garde \u00e0 vue; \u00ab\u00a0Dans quel pays vit-on\u00a0?\u00a0\u00bb\u00a0: plac\u00e9 en garde \u00e0 vue apr\u00e8s une altercation avec des policiers, S\u00e9bastien Delogu sort du silence - CENTRESAINTEBARBE\" \/>\n<meta property=\"og:description\" content=\"Garde \u00e0 vue; \u00ab\u00a0Dans quel pays vit-on\u00a0?\u00a0\u00bb\u00a0: plac\u00e9 en garde \u00e0 vue apr\u00e8s une altercation avec des policiers, S\u00e9bastien Delogu sort du silence article de CENTRESAINTEBARBE\" \/>\n<meta property=\"og:url\" content=\"https:\/\/www.centresaintebarbe.fr\/blog\/garde-a-vue-dans-quel-pays-vit-on-place-en-garde-a-vue-apres-une-altercation-avec-des-policiers-sebastien-delogu-sort-du-silence\/\" \/>\n<meta property=\"og:site_name\" content=\"CENTRESAINTEBARBE\" \/>\n<meta property=\"article:published_time\" content=\"2026-08-29T09:28:00+00:00\" \/>\n<meta name=\"author\" content=\"Julien CLAVEL\" \/>\n<meta name=\"twitter:card\" content=\"summary_large_image\" \/>\n<meta name=\"twitter:label1\" content=\"\u00c9crit par\" \/>\n\t<meta name=\"twitter:data1\" content=\"Julien CLAVEL\" \/>\n\t<meta name=\"twitter:label2\" content=\"Dur\u00e9e de lecture estim\u00e9e\" \/>\n\t<meta name=\"twitter:data2\" content=\"15 minutes\" \/>\n<script type=\"application\/ld+json\" class=\"yoast-schema-graph\">{\"@context\":\"https:\\\/\\\/schema.org\",\"@graph\":[{\"@type\":\"Article\",\"@id\":\"https:\\\/\\\/www.centresaintebarbe.fr\\\/blog\\\/garde-a-vue-dans-quel-pays-vit-on-place-en-garde-a-vue-apres-une-altercation-avec-des-policiers-sebastien-delogu-sort-du-silence\\\/#article\",\"isPartOf\":{\"@id\":\"https:\\\/\\\/www.centresaintebarbe.fr\\\/blog\\\/garde-a-vue-dans-quel-pays-vit-on-place-en-garde-a-vue-apres-une-altercation-avec-des-policiers-sebastien-delogu-sort-du-silence\\\/\"},\"author\":{\"name\":\"Julien CLAVEL\",\"@id\":\"https:\\\/\\\/www.centresaintebarbe.fr\\\/blog\\\/#\\\/schema\\\/person\\\/3df030ac04885ae1856037d84faf6107\"},\"headline\":\"Garde \u00e0 vue; \u00ab\u00a0Dans quel pays vit-on\u00a0?\u00a0\u00bb\u00a0: plac\u00e9 en garde \u00e0 vue apr\u00e8s une altercation avec des policiers, S\u00e9bastien Delogu sort du silence\",\"datePublished\":\"2026-08-29T09:28:00+00:00\",\"mainEntityOfPage\":{\"@id\":\"https:\\\/\\\/www.centresaintebarbe.fr\\\/blog\\\/garde-a-vue-dans-quel-pays-vit-on-place-en-garde-a-vue-apres-une-altercation-avec-des-policiers-sebastien-delogu-sort-du-silence\\\/\"},\"wordCount\":2990,\"commentCount\":0,\"publisher\":{\"@id\":\"https:\\\/\\\/www.centresaintebarbe.fr\\\/blog\\\/#organization\"},\"articleSection\":[\"Histoire Du Droit Et De La Loi:\"],\"inLanguage\":\"fr-FR\",\"potentialAction\":[{\"@type\":\"CommentAction\",\"name\":\"Comment\",\"target\":[\"https:\\\/\\\/www.centresaintebarbe.fr\\\/blog\\\/garde-a-vue-dans-quel-pays-vit-on-place-en-garde-a-vue-apres-une-altercation-avec-des-policiers-sebastien-delogu-sort-du-silence\\\/#respond\"]}]},{\"@type\":\"WebPage\",\"@id\":\"https:\\\/\\\/www.centresaintebarbe.fr\\\/blog\\\/garde-a-vue-dans-quel-pays-vit-on-place-en-garde-a-vue-apres-une-altercation-avec-des-policiers-sebastien-delogu-sort-du-silence\\\/\",\"url\":\"https:\\\/\\\/www.centresaintebarbe.fr\\\/blog\\\/garde-a-vue-dans-quel-pays-vit-on-place-en-garde-a-vue-apres-une-altercation-avec-des-policiers-sebastien-delogu-sort-du-silence\\\/\",\"name\":\"Garde \u00e0 vue; \u00ab\u00a0Dans quel pays vit-on\u00a0?\u00a0\u00bb\u00a0: plac\u00e9 en garde \u00e0 vue apr\u00e8s une altercation avec des policiers, S\u00e9bastien Delogu sort du silence - CENTRESAINTEBARBE\",\"isPartOf\":{\"@id\":\"https:\\\/\\\/www.centresaintebarbe.fr\\\/blog\\\/#website\"},\"datePublished\":\"2026-08-29T09:28:00+00:00\",\"description\":\"Garde \u00e0 vue; \u00ab\u00a0Dans quel pays vit-on\u00a0?\u00a0\u00bb\u00a0: plac\u00e9 en garde \u00e0 vue apr\u00e8s une altercation avec des policiers, S\u00e9bastien Delogu sort du silence article de CENTRESAINTEBARBE\",\"breadcrumb\":{\"@id\":\"https:\\\/\\\/www.centresaintebarbe.fr\\\/blog\\\/garde-a-vue-dans-quel-pays-vit-on-place-en-garde-a-vue-apres-une-altercation-avec-des-policiers-sebastien-delogu-sort-du-silence\\\/#breadcrumb\"},\"inLanguage\":\"fr-FR\",\"potentialAction\":[{\"@type\":\"ReadAction\",\"target\":[\"https:\\\/\\\/www.centresaintebarbe.fr\\\/blog\\\/garde-a-vue-dans-quel-pays-vit-on-place-en-garde-a-vue-apres-une-altercation-avec-des-policiers-sebastien-delogu-sort-du-silence\\\/\"]}]},{\"@type\":\"BreadcrumbList\",\"@id\":\"https:\\\/\\\/www.centresaintebarbe.fr\\\/blog\\\/garde-a-vue-dans-quel-pays-vit-on-place-en-garde-a-vue-apres-une-altercation-avec-des-policiers-sebastien-delogu-sort-du-silence\\\/#breadcrumb\",\"itemListElement\":[{\"@type\":\"ListItem\",\"position\":1,\"name\":\"Accueil\",\"item\":\"https:\\\/\\\/www.centresaintebarbe.fr\\\/blog\\\/\"},{\"@type\":\"ListItem\",\"position\":2,\"name\":\"Garde \u00e0 vue; \u00ab\u00a0Dans quel pays vit-on\u00a0?\u00a0\u00bb\u00a0: plac\u00e9 en garde \u00e0 vue apr\u00e8s une altercation avec des policiers, S\u00e9bastien Delogu sort du silence\"}]},{\"@type\":\"WebSite\",\"@id\":\"https:\\\/\\\/www.centresaintebarbe.fr\\\/blog\\\/#website\",\"url\":\"https:\\\/\\\/www.centresaintebarbe.fr\\\/blog\\\/\",\"name\":\"CENTRESAINTEBARBE\",\"description\":\"Histoire du droit et de la loi, des pros \u00e0 votre service.\",\"publisher\":{\"@id\":\"https:\\\/\\\/www.centresaintebarbe.fr\\\/blog\\\/#organization\"},\"potentialAction\":[{\"@type\":\"SearchAction\",\"target\":{\"@type\":\"EntryPoint\",\"urlTemplate\":\"https:\\\/\\\/www.centresaintebarbe.fr\\\/blog\\\/?s={search_term_string}\"},\"query-input\":{\"@type\":\"PropertyValueSpecification\",\"valueRequired\":true,\"valueName\":\"search_term_string\"}}],\"inLanguage\":\"fr-FR\"},{\"@type\":\"Organization\",\"@id\":\"https:\\\/\\\/www.centresaintebarbe.fr\\\/blog\\\/#organization\",\"name\":\"centresaintebarbe\",\"url\":\"https:\\\/\\\/www.centresaintebarbe.fr\\\/blog\\\/\",\"logo\":{\"@type\":\"ImageObject\",\"inLanguage\":\"fr-FR\",\"@id\":\"https:\\\/\\\/www.centresaintebarbe.fr\\\/blog\\\/#\\\/schema\\\/logo\\\/image\\\/\",\"url\":\"https:\\\/\\\/www.centresaintebarbe.fr\\\/blog\\\/wp-content\\\/uploads\\\/2022\\\/09\\\/logo-2.png\",\"contentUrl\":\"https:\\\/\\\/www.centresaintebarbe.fr\\\/blog\\\/wp-content\\\/uploads\\\/2022\\\/09\\\/logo-2.png\",\"width\":180,\"height\":395,\"caption\":\"centresaintebarbe\"},\"image\":{\"@id\":\"https:\\\/\\\/www.centresaintebarbe.fr\\\/blog\\\/#\\\/schema\\\/logo\\\/image\\\/\"}},{\"@type\":\"Person\",\"@id\":\"https:\\\/\\\/www.centresaintebarbe.fr\\\/blog\\\/#\\\/schema\\\/person\\\/3df030ac04885ae1856037d84faf6107\",\"name\":\"Julien CLAVEL\",\"image\":{\"@type\":\"ImageObject\",\"inLanguage\":\"fr-FR\",\"@id\":\"https:\\\/\\\/secure.gravatar.com\\\/avatar\\\/9da56c11887b837216fb599f433aa21cbc082e593f49c4426c4b02e913d3b93b?s=96&d=mm&r=g\",\"url\":\"https:\\\/\\\/secure.gravatar.com\\\/avatar\\\/9da56c11887b837216fb599f433aa21cbc082e593f49c4426c4b02e913d3b93b?s=96&d=mm&r=g\",\"contentUrl\":\"https:\\\/\\\/secure.gravatar.com\\\/avatar\\\/9da56c11887b837216fb599f433aa21cbc082e593f49c4426c4b02e913d3b93b?s=96&d=mm&r=g\",\"caption\":\"Julien CLAVEL\"},\"url\":\"https:\\\/\\\/www.centresaintebarbe.fr\\\/blog\\\/author\\\/rbejulien\\\/\"}]}<\/script>\n<!-- \/ Yoast SEO plugin. -->","yoast_head_json":{"title":"Garde \u00e0 vue; \u00ab\u00a0Dans quel pays vit-on\u00a0?\u00a0\u00bb\u00a0: plac\u00e9 en garde \u00e0 vue apr\u00e8s une altercation avec des policiers, S\u00e9bastien Delogu sort du silence - CENTRESAINTEBARBE","description":"Garde \u00e0 vue; \u00ab\u00a0Dans quel pays vit-on\u00a0?\u00a0\u00bb\u00a0: plac\u00e9 en garde \u00e0 vue apr\u00e8s une altercation avec des policiers, S\u00e9bastien Delogu sort du silence article de CENTRESAINTEBARBE","robots":{"index":"index","follow":"follow","max-snippet":"max-snippet:-1","max-image-preview":"max-image-preview:large","max-video-preview":"max-video-preview:-1"},"canonical":"https:\/\/www.centresaintebarbe.fr\/blog\/garde-a-vue-dans-quel-pays-vit-on-place-en-garde-a-vue-apres-une-altercation-avec-des-policiers-sebastien-delogu-sort-du-silence\/","og_locale":"fr_FR","og_type":"article","og_title":"Garde \u00e0 vue; \u00ab\u00a0Dans quel pays vit-on\u00a0?\u00a0\u00bb\u00a0: plac\u00e9 en garde \u00e0 vue apr\u00e8s une altercation avec des policiers, S\u00e9bastien Delogu sort du silence - CENTRESAINTEBARBE","og_description":"Garde \u00e0 vue; \u00ab\u00a0Dans quel pays vit-on\u00a0?\u00a0\u00bb\u00a0: plac\u00e9 en garde \u00e0 vue apr\u00e8s une altercation avec des policiers, S\u00e9bastien Delogu sort du silence article de CENTRESAINTEBARBE","og_url":"https:\/\/www.centresaintebarbe.fr\/blog\/garde-a-vue-dans-quel-pays-vit-on-place-en-garde-a-vue-apres-une-altercation-avec-des-policiers-sebastien-delogu-sort-du-silence\/","og_site_name":"CENTRESAINTEBARBE","article_published_time":"2026-08-29T09:28:00+00:00","author":"Julien CLAVEL","twitter_card":"summary_large_image","twitter_misc":{"\u00c9crit par":"Julien CLAVEL","Dur\u00e9e de lecture estim\u00e9e":"15 minutes"},"schema":{"@context":"https:\/\/schema.org","@graph":[{"@type":"Article","@id":"https:\/\/www.centresaintebarbe.fr\/blog\/garde-a-vue-dans-quel-pays-vit-on-place-en-garde-a-vue-apres-une-altercation-avec-des-policiers-sebastien-delogu-sort-du-silence\/#article","isPartOf":{"@id":"https:\/\/www.centresaintebarbe.fr\/blog\/garde-a-vue-dans-quel-pays-vit-on-place-en-garde-a-vue-apres-une-altercation-avec-des-policiers-sebastien-delogu-sort-du-silence\/"},"author":{"name":"Julien CLAVEL","@id":"https:\/\/www.centresaintebarbe.fr\/blog\/#\/schema\/person\/3df030ac04885ae1856037d84faf6107"},"headline":"Garde \u00e0 vue; \u00ab\u00a0Dans quel pays vit-on\u00a0?\u00a0\u00bb\u00a0: plac\u00e9 en garde \u00e0 vue apr\u00e8s une altercation avec des policiers, S\u00e9bastien Delogu sort du silence","datePublished":"2026-08-29T09:28:00+00:00","mainEntityOfPage":{"@id":"https:\/\/www.centresaintebarbe.fr\/blog\/garde-a-vue-dans-quel-pays-vit-on-place-en-garde-a-vue-apres-une-altercation-avec-des-policiers-sebastien-delogu-sort-du-silence\/"},"wordCount":2990,"commentCount":0,"publisher":{"@id":"https:\/\/www.centresaintebarbe.fr\/blog\/#organization"},"articleSection":["Histoire Du Droit Et De La Loi:"],"inLanguage":"fr-FR","potentialAction":[{"@type":"CommentAction","name":"Comment","target":["https:\/\/www.centresaintebarbe.fr\/blog\/garde-a-vue-dans-quel-pays-vit-on-place-en-garde-a-vue-apres-une-altercation-avec-des-policiers-sebastien-delogu-sort-du-silence\/#respond"]}]},{"@type":"WebPage","@id":"https:\/\/www.centresaintebarbe.fr\/blog\/garde-a-vue-dans-quel-pays-vit-on-place-en-garde-a-vue-apres-une-altercation-avec-des-policiers-sebastien-delogu-sort-du-silence\/","url":"https:\/\/www.centresaintebarbe.fr\/blog\/garde-a-vue-dans-quel-pays-vit-on-place-en-garde-a-vue-apres-une-altercation-avec-des-policiers-sebastien-delogu-sort-du-silence\/","name":"Garde \u00e0 vue; \u00ab\u00a0Dans quel pays vit-on\u00a0?\u00a0\u00bb\u00a0: plac\u00e9 en garde \u00e0 vue apr\u00e8s une altercation avec des policiers, S\u00e9bastien Delogu sort du silence - CENTRESAINTEBARBE","isPartOf":{"@id":"https:\/\/www.centresaintebarbe.fr\/blog\/#website"},"datePublished":"2026-08-29T09:28:00+00:00","description":"Garde \u00e0 vue; \u00ab\u00a0Dans quel pays vit-on\u00a0?\u00a0\u00bb\u00a0: plac\u00e9 en garde \u00e0 vue apr\u00e8s une altercation avec des policiers, S\u00e9bastien Delogu sort du silence article de CENTRESAINTEBARBE","breadcrumb":{"@id":"https:\/\/www.centresaintebarbe.fr\/blog\/garde-a-vue-dans-quel-pays-vit-on-place-en-garde-a-vue-apres-une-altercation-avec-des-policiers-sebastien-delogu-sort-du-silence\/#breadcrumb"},"inLanguage":"fr-FR","potentialAction":[{"@type":"ReadAction","target":["https:\/\/www.centresaintebarbe.fr\/blog\/garde-a-vue-dans-quel-pays-vit-on-place-en-garde-a-vue-apres-une-altercation-avec-des-policiers-sebastien-delogu-sort-du-silence\/"]}]},{"@type":"BreadcrumbList","@id":"https:\/\/www.centresaintebarbe.fr\/blog\/garde-a-vue-dans-quel-pays-vit-on-place-en-garde-a-vue-apres-une-altercation-avec-des-policiers-sebastien-delogu-sort-du-silence\/#breadcrumb","itemListElement":[{"@type":"ListItem","position":1,"name":"Accueil","item":"https:\/\/www.centresaintebarbe.fr\/blog\/"},{"@type":"ListItem","position":2,"name":"Garde \u00e0 vue; \u00ab\u00a0Dans quel pays vit-on\u00a0?\u00a0\u00bb\u00a0: plac\u00e9 en garde \u00e0 vue apr\u00e8s une altercation avec des policiers, S\u00e9bastien Delogu sort du silence"}]},{"@type":"WebSite","@id":"https:\/\/www.centresaintebarbe.fr\/blog\/#website","url":"https:\/\/www.centresaintebarbe.fr\/blog\/","name":"CENTRESAINTEBARBE","description":"Histoire du droit et de la loi, des pros \u00e0 votre service.","publisher":{"@id":"https:\/\/www.centresaintebarbe.fr\/blog\/#organization"},"potentialAction":[{"@type":"SearchAction","target":{"@type":"EntryPoint","urlTemplate":"https:\/\/www.centresaintebarbe.fr\/blog\/?s={search_term_string}"},"query-input":{"@type":"PropertyValueSpecification","valueRequired":true,"valueName":"search_term_string"}}],"inLanguage":"fr-FR"},{"@type":"Organization","@id":"https:\/\/www.centresaintebarbe.fr\/blog\/#organization","name":"centresaintebarbe","url":"https:\/\/www.centresaintebarbe.fr\/blog\/","logo":{"@type":"ImageObject","inLanguage":"fr-FR","@id":"https:\/\/www.centresaintebarbe.fr\/blog\/#\/schema\/logo\/image\/","url":"https:\/\/www.centresaintebarbe.fr\/blog\/wp-content\/uploads\/2022\/09\/logo-2.png","contentUrl":"https:\/\/www.centresaintebarbe.fr\/blog\/wp-content\/uploads\/2022\/09\/logo-2.png","width":180,"height":395,"caption":"centresaintebarbe"},"image":{"@id":"https:\/\/www.centresaintebarbe.fr\/blog\/#\/schema\/logo\/image\/"}},{"@type":"Person","@id":"https:\/\/www.centresaintebarbe.fr\/blog\/#\/schema\/person\/3df030ac04885ae1856037d84faf6107","name":"Julien CLAVEL","image":{"@type":"ImageObject","inLanguage":"fr-FR","@id":"https:\/\/secure.gravatar.com\/avatar\/9da56c11887b837216fb599f433aa21cbc082e593f49c4426c4b02e913d3b93b?s=96&d=mm&r=g","url":"https:\/\/secure.gravatar.com\/avatar\/9da56c11887b837216fb599f433aa21cbc082e593f49c4426c4b02e913d3b93b?s=96&d=mm&r=g","contentUrl":"https:\/\/secure.gravatar.com\/avatar\/9da56c11887b837216fb599f433aa21cbc082e593f49c4426c4b02e913d3b93b?s=96&d=mm&r=g","caption":"Julien CLAVEL"},"url":"https:\/\/www.centresaintebarbe.fr\/blog\/author\/rbejulien\/"}]}},"_links":{"self":[{"href":"https:\/\/www.centresaintebarbe.fr\/blog\/wp-json\/wp\/v2\/posts\/1762","targetHints":{"allow":["GET"]}}],"collection":[{"href":"https:\/\/www.centresaintebarbe.fr\/blog\/wp-json\/wp\/v2\/posts"}],"about":[{"href":"https:\/\/www.centresaintebarbe.fr\/blog\/wp-json\/wp\/v2\/types\/post"}],"author":[{"embeddable":true,"href":"https:\/\/www.centresaintebarbe.fr\/blog\/wp-json\/wp\/v2\/users\/2"}],"replies":[{"embeddable":true,"href":"https:\/\/www.centresaintebarbe.fr\/blog\/wp-json\/wp\/v2\/comments?post=1762"}],"version-history":[{"count":0,"href":"https:\/\/www.centresaintebarbe.fr\/blog\/wp-json\/wp\/v2\/posts\/1762\/revisions"}],"wp:attachment":[{"href":"https:\/\/www.centresaintebarbe.fr\/blog\/wp-json\/wp\/v2\/media?parent=1762"}],"wp:term":[{"taxonomy":"category","embeddable":true,"href":"https:\/\/www.centresaintebarbe.fr\/blog\/wp-json\/wp\/v2\/categories?post=1762"},{"taxonomy":"post_tag","embeddable":true,"href":"https:\/\/www.centresaintebarbe.fr\/blog\/wp-json\/wp\/v2\/tags?post=1762"}],"curies":[{"name":"wp","href":"https:\/\/api.w.org\/{rel}","templated":true}]}}